{"id":422,"date":"2006-12-28T17:00:23","date_gmt":"2006-12-28T17:00:23","guid":{"rendered":"http:\/\/localhost\/stindard.ro\/?p=422"},"modified":"2006-12-28T17:00:23","modified_gmt":"2006-12-28T17:00:23","slug":"marcarea-originii-etnice-si-a-vechimii-unor-sate-si-biserici-monumente-istorice-ale-romanilor-din-tinutul-herta","status":"publish","type":"post","link":"https:\/\/stindard.ro\/de\/marcarea-originii-etnice-si-a-vechimii-unor-sate-si-biserici-monumente-istorice-ale-romanilor-din-tinutul-herta\/","title":{"rendered":"Marcarea originii etnice \u015fi a vechimii unor sate \u015fi biserici &#8211; monumente istorice ale rom\u00e2nilor din \u0162inutul Her\u0163a"},"content":{"rendered":"<p>\u00cen cadrul proiectului &#8222;Marcarea originii etnice \u015fi a vechimii unor sate \u015fi biserici &#8211; monumente istorice ale rom\u00e2nilor din \u0162inutul Her\u0163a (azi \u00een Ucraina) \u00een anul aniversar 2006&#8220; cu finan\u0163are de la Departamentul pentru Rela\u0163ii cu Rom\u00e2nii de Pretutindeni &#8211; Ministerul Afacerilor Externe, Asocia\u0163ia STINDARD \u015fi Funda\u0163ia civic\u0103 raional\u0103 &#8222;GHEORGHE ASACHI&#8220; &#8211; Her\u0163a, \u00eempreun\u0103 cu Consiliul Raional Her\u0163a, regiunea Cern\u0103u\u0163i, Ucraina, au inaugurat:<br \/>\n&#8211; La 10 decembrie 2006, Panoul aniversar instalat la intrarea \u00een satul Buda Mic\u0103 &#8211; 545 de ani de la prima atestare documentar\u0103 &#8211; la 12 august 1461, \u015etefan cel Mare \u015fi Sf\u00e2nt a emis HRISOVUL de DANIE c\u0103tre boierul rom\u00e2n HU\u0218IN;<br \/>\n&#8211; La 10 decembrie 2006, Placa de marmur\u0103 instalat\u0103 pe zidul bisericii ortodoxe &#8222;Duminica tuturor sfin\u0163ilor&#8220;, din satul Buda Mic\u0103 &#8211; prima atestare 1818, c\u00e2nd a fost rezidit\u0103 de boierul rom\u00e2n Damian Holban;<br \/>\n&#8211; La 12 decembrie 2006, Placa de marmur\u0103 instalat\u0103 pe zidul catedralei ortodoxe \u015fi biserica domneasc\u0103 &#8222;Sf\u00e2ntul Spiridon&#8220; din Her\u0163a &#8211; 250 de ani de la prima atestare documentar\u0103;<br \/>\n&#8211; La 14 decembrie 2006, Panoul aniversar instalat la intrarea \u00een satul Buda Mare &#8211; 545 de ani de la prima atestare documentar\u0103 &#8211; la 12 august 1461, \u015etefan cel Mare \u015fi Sf\u00e2nt a emis HRISOVUL de DANIE c\u0103tre boierul rom\u00e2n HU\u015eIN;<br \/>\n&#8211; La 16 decembrie 2006, Panoul aniversar instalat la intrarea \u00een satul Mihoreni &#8211; 545 de ani de la prima atestare documentar\u0103 &#8211; la 25 aprilie 1461, \u015etefan cel Mare \u015fi Sf\u00e2nt a acordat satul ca privilegiu rom\u00e2nului Toma C\u00e2nde (boier de sfat \u00een Scaunul Moldovei);<br \/>\n&#8211; La 16 decembrie 2006, Placa de marmur\u0103 instalat\u0103 pe zidul bisericii ortodoxe &#8222;Sfin\u0163ii Voievozi&#8220;, din satul Mihoreni &#8211; prima atestare 1780.<br \/>\nAsocia\u0163ia STINDARD a \u00eenm\u00e2nat mape cu h\u0103r\u0163i istorice (sec. VIII i.h. &#8211; Sec. XX d.h.) \u015ecolilor Medii din raionul Her\u0163a \u015fi Liceului &#8222;Gheorghe Asachi&#8220; din Her\u0163a.<br \/>\nAc\u0163iunile au fost dedicate anivers\u0103rii a 15 ani de la re\u00eenfiin\u0163area raionului Her\u0163a.<br \/>\n\u00cen sec\u0163iunea arhiva foto pute\u0163i vedea c\u00e2teva instantanee luate la aceste evenimente.<\/p>\n<p>Coordonator proiect: Alexandru TEODOREANU.<\/p>\n<p>C\u0103tre sec\u021biunea foto<\/p>\n<blockquote class=\"wp-embedded-content\" data-secret=\"BZgBmCBJZK\"><p><a href=\"http:\/\/localhost\/stindard.ro\/marcarea-bisericii-ortodoxe-din-satul-mihoreni-din-herta-ucraina\/\">Marcarea bisericii ortodoxe din satul Mihoreni din Her\u0163a, Ucraina<\/a><\/p><\/blockquote>\n<p><iframe class=\"wp-embedded-content\" sandbox=\"allow-scripts\" security=\"restricted\" style=\"position: absolute; clip: rect(1px, 1px, 1px, 1px);\" src=\"http:\/\/localhost\/stindard.ro\/marcarea-bisericii-ortodoxe-din-satul-mihoreni-din-herta-ucraina\/embed\/#?secret=BZgBmCBJZK\" data-secret=\"BZgBmCBJZK\" width=\"600\" height=\"338\" title=\"&#8222;Marcarea bisericii ortodoxe din satul Mihoreni din Her\u0163a, Ucraina&#8221; &#8212; Asocia\u021bia Stindard\" frameborder=\"0\" marginwidth=\"0\" marginheight=\"0\" scrolling=\"no\"><\/iframe><\/p>\n<blockquote class=\"wp-embedded-content\" data-secret=\"BUjyDnX5BA\"><p><a href=\"http:\/\/localhost\/stindard.ro\/marcarea-bisericii-ortodoxe-din-satul-buda-mica-raionul-herta-ucraina\/\">Marcarea bisericii ortodoxe din satul Buda Mica, raionul Her\u0163a, Ucraina<\/a><\/p><\/blockquote>\n<p><iframe class=\"wp-embedded-content\" sandbox=\"allow-scripts\" security=\"restricted\" style=\"position: absolute; clip: rect(1px, 1px, 1px, 1px);\" src=\"http:\/\/localhost\/stindard.ro\/marcarea-bisericii-ortodoxe-din-satul-buda-mica-raionul-herta-ucraina\/embed\/#?secret=BUjyDnX5BA\" data-secret=\"BUjyDnX5BA\" width=\"600\" height=\"338\" title=\"&#8222;Marcarea bisericii ortodoxe din satul Buda Mica, raionul Her\u0163a, Ucraina&#8221; &#8212; Asocia\u021bia Stindard\" frameborder=\"0\" marginwidth=\"0\" marginheight=\"0\" scrolling=\"no\"><\/iframe><\/p>\n<blockquote class=\"wp-embedded-content\" data-secret=\"DX1CuMTfOO\"><p><a href=\"http:\/\/localhost\/stindard.ro\/marcarea-intrarii-in-satul-buda-mica-raionul-herta-ucraina\/\">Marcarea intr\u0103rii \u00een satul Buda Mic\u0103, raionul Her\u021ba, Ucraina<\/a><\/p><\/blockquote>\n<p><iframe class=\"wp-embedded-content\" sandbox=\"allow-scripts\" security=\"restricted\" style=\"position: absolute; clip: rect(1px, 1px, 1px, 1px);\" src=\"http:\/\/localhost\/stindard.ro\/marcarea-intrarii-in-satul-buda-mica-raionul-herta-ucraina\/embed\/#?secret=DX1CuMTfOO\" data-secret=\"DX1CuMTfOO\" width=\"600\" height=\"338\" title=\"&#8222;Marcarea intr\u0103rii \u00een satul Buda Mic\u0103, raionul Her\u021ba, Ucraina&#8221; &#8212; Asocia\u021bia Stindard\" frameborder=\"0\" marginwidth=\"0\" marginheight=\"0\" scrolling=\"no\"><\/iframe><\/p>\n<blockquote class=\"wp-embedded-content\" data-secret=\"QXM8LCnf1E\"><p><a href=\"http:\/\/localhost\/stindard.ro\/marcarea-intrarii-in-satul-buda-mare-raionul-herta-ucraina\/\">Marcarea intrarii in satul Buda Mare, raionul Herta, Ucraina<\/a><\/p><\/blockquote>\n<p><iframe class=\"wp-embedded-content\" sandbox=\"allow-scripts\" security=\"restricted\" style=\"position: absolute; clip: rect(1px, 1px, 1px, 1px);\" src=\"http:\/\/localhost\/stindard.ro\/marcarea-intrarii-in-satul-buda-mare-raionul-herta-ucraina\/embed\/#?secret=QXM8LCnf1E\" data-secret=\"QXM8LCnf1E\" width=\"600\" height=\"338\" title=\"&#8222;Marcarea intrarii in satul Buda Mare, raionul Herta, Ucraina&#8221; &#8212; Asocia\u021bia Stindard\" frameborder=\"0\" marginwidth=\"0\" marginheight=\"0\" scrolling=\"no\"><\/iframe><\/p>\n","protected":false},"excerpt":{"rendered":"<p>\u00cen cadrul proiectului &#8222;Marcarea originii etnice \u015fi a vechimii unor sate \u015fi biserici &#8211; monumente istorice ale rom\u00e2nilor din \u0162inutul Her\u0163a (azi \u00een Ucraina) \u00een anul aniversar 2006&#8220; cu finan\u0163are de la Departamentul pentru Rela\u0163ii cu Rom\u00e2nii de Pretutindeni &#8211; Ministerul Afacerilor Externe, Asocia\u0163ia STINDARD \u015fi Funda\u0163ia civic\u0103 raional\u0103 &#8222;GHEORGHE ASACHI&#8220; &#8211; Her\u0163a, \u00eempreun\u0103 cu [&hellip;]<\/p>\n","protected":false},"author":2,"featured_media":246,"comment_status":"open","ping_status":"open","sticky":false,"template":"","format":"standard","meta":{"_et_pb_use_builder":"","_et_pb_old_content":"","_et_gb_content_width":""},"categories":[],"tags":[20,24,47,74,76,78,79,81,88],"_links":{"self":[{"href":"https:\/\/stindard.ro\/de\/wp-json\/wp\/v2\/posts\/422"}],"collection":[{"href":"https:\/\/stindard.ro\/de\/wp-json\/wp\/v2\/posts"}],"about":[{"href":"https:\/\/stindard.ro\/de\/wp-json\/wp\/v2\/types\/post"}],"author":[{"embeddable":true,"href":"https:\/\/stindard.ro\/de\/wp-json\/wp\/v2\/users\/2"}],"replies":[{"embeddable":true,"href":"https:\/\/stindard.ro\/de\/wp-json\/wp\/v2\/comments?post=422"}],"version-history":[{"count":0,"href":"https:\/\/stindard.ro\/de\/wp-json\/wp\/v2\/posts\/422\/revisions"}],"wp:featuredmedia":[{"embeddable":true,"href":"https:\/\/stindard.ro\/de\/wp-json\/wp\/v2\/media\/246"}],"wp:attachment":[{"href":"https:\/\/stindard.ro\/de\/wp-json\/wp\/v2\/media?parent=422"}],"wp:term":[{"taxonomy":"category","embeddable":true,"href":"https:\/\/stindard.ro\/de\/wp-json\/wp\/v2\/categories?post=422"},{"taxonomy":"post_tag","embeddable":true,"href":"https:\/\/stindard.ro\/de\/wp-json\/wp\/v2\/tags?post=422"}],"curies":[{"name":"wp","href":"https:\/\/api.w.org\/{rel}","templated":true}]}}