{"id":2805,"date":"2021-07-16T21:53:57","date_gmt":"2021-07-16T18:53:57","guid":{"rendered":"https:\/\/stindard.ro\/ro\/?p=2805"},"modified":"2021-07-29T18:28:38","modified_gmt":"2021-07-29T15:28:38","slug":"wilhelm-knechtel-sef-al-gradinilor-regale-in-vremea-regelui-carol-i-omagiat-la-casa-de-cultura-friedrich-schiller","status":"publish","type":"post","link":"https:\/\/stindard.ro\/fr\/wilhelm-knechtel-sef-al-gradinilor-regale-in-vremea-regelui-carol-i-omagiat-la-casa-de-cultura-friedrich-schiller\/","title":{"rendered":"Wilhelm Knechtel, responsable des jardins royaux sous le r\u00e8gne du roi Carol Ier, honor\u00e9 \u00e0 la Maison de la Culture \u00ab\u00a0Friedrich Schiller\u00a0\u00bb"},"content":{"rendered":"<p>Lors des \u00e9v\u00e9nements d\u00e9di\u00e9s aux personnalit\u00e9s scientifiques de l&rsquo;Histoire des Allemands de souche en Roumanie, \u00e0 la Mairie de Bucarest et \u00e0 la Maison de la Culture \u00ab Friedrich Schiller \u00bb, \u00ab le jeudi 15 juillet 2021, la conf\u00e9rence-d\u00e9bat\u00ab Personnes exceptionnelles de l&rsquo;agriculture roumaine \u00bb science. Wilhelm Knechtel, horticulteur et entomologiste (1835-1924) et Karl Wilhelm Knechtel, fondateur de la recherche en entomologie agricole (1884-1967) \u00bb. L&rsquo;\u00e9v\u00e9nement est organis\u00e9 en collaboration avec la F.D.G.R. Forum r\u00e9gional-R\u00e9gion extracarpatique. \u00ab\u00a0Le travail de recherche scientifique est un bien que nous m\u00e9ritons, qui nous appartient pour toujours et que personne ni rien ne peut nous prendre\u00a0\u00bb (Wilhelm Karl KnechteL, membre de l&rsquo;Acad\u00e9mie roumaine.) Pr\u00e9sent\u00e9 par : Dr Cristian Scarlat, Dr Klaus Fabritius, Pr\u00e9sident de la F.D.G.R. Forum r\u00e9gional &#8211; R\u00e9gion extracarpatique. Participants : Christiane Gertrud Cosmatu, Pr\u00e9sidente de FDGR, Bucarest. Coordinatrice du projet : Aurora Fabritius. \u00ab\u00a0Wilhelm Knechtel (1835-1924) \u00e9tait un horticulteur c\u00e9l\u00e8bre, un peintre paysagiste de talent, un botaniste professionnel. A partir de 1870, il entra au \u00ab\u00a0service des jardins\u00a0\u00bb du souverain roumain, Carol I. En fait, son nom appara\u00eet rarement, et seulement en sa qualit\u00e9 de chef des jardins royaux, ou chef des jardins publics en Roumanie. Il est \u00e9galement devenu ma\u00eetre de conf\u00e9rences en viticulture, horticulture et entomologie \u00e0 l&rsquo;\u00c9cole centrale d&rsquo;agriculture de Herastrau &#8211; Bucarest. Entre autres, il a con\u00e7u le Parc du Palais Peles : A Sinaia, tout autour du Ch\u00e2teau ont \u00e9t\u00e9 construits, selon les souhaits du Roi et sous la direction du chef des jardins royaux &#8211; l&rsquo;ing\u00e9nieur forestier Wilhelm Knechtel, des routes, des chemins et des sentiers qui traversaient la for\u00eat \u00e0 travers les plus beaux les lieux, sous les sapins s\u00e9culaires et les vieux h\u00eatres, couverts de mousse, y rest\u00e8rent tels que Dieu les avait laiss\u00e9s. \u00bb Le nom de Wilhelm Knechtel est \u00e9galement li\u00e9 \u00e0 la modernisation du jardin Cismigiu, \u00e0 travers l&rsquo;am\u00e9nagement paysager et la r\u00e9gularisation et l&#8217;embellissement. le lac. Wilhelm Knechtel \u00e9tait aussi un numismate passionn\u00e9, un grand collectionneur. Pendant des ann\u00e9es, il fut membre du comit\u00e9 de la Soci\u00e9t\u00e9 roumaine de numismatique, \u00e0 la fondation de laquelle, en d\u00e9cembre 1903, il participa. Il a fait bon usage de ses connaissances numismatiques en publiant des articles int\u00e9ressants sur les pi\u00e8ces pr\u00e9cieuses de sa propre collection. \u201d (Dr Cristian Scarlat) Wilhelm Karl Knechtel (1884-1967) est l&rsquo;une des personnalit\u00e9s les plus repr\u00e9sentatives de l&rsquo;entomologie roumaine, un sp\u00e9cialiste de prestige international, qui a men\u00e9 une activit\u00e9 scientifique complexe, mat\u00e9rialis\u00e9e dans plus de 120 ouvrages sp\u00e9cialis\u00e9s dans le domaine de la syst\u00e9matique, de la faune, de la zoog\u00e9ographie, de l&rsquo;\u00e9cologie et de la lutte antiparasitaire, activit\u00e9 men\u00e9e sur 6 d\u00e9cennies. La notori\u00e9t\u00e9 de l&rsquo;acad\u00e9micien W. K. Knechtel a depuis longtemps travers\u00e9 les fronti\u00e8res, \u00e9tant sollicit\u00e9e par de nombreux sp\u00e9cialistes d&rsquo;autres pays. Il est consid\u00e9r\u00e9 comme le fondateur de l&rsquo;\u00c9cole d&rsquo;entomologie agricole, professeur universitaire \u00e0 Bucarest o\u00f9 il a \u00e9tudi\u00e9, compl\u00e9tant une formation dans le domaine de la protection des plantes \u00e0 Stuttgart, Naples et Berlin. Parmi ses travaux importants, nous citons la recherche sur les insectes nuisibles en Roumanie et leur contr\u00f4le, l&rsquo;\u00e9tude sur les \u00e9pid\u00e9mies d&rsquo;insectes, la description de 14 nouvelles esp\u00e8ces pour la science, plusieurs volumes sur les insectes du Cycle de la Faune Roumaine \u00e9dit\u00e9 par l&rsquo;Acad\u00e9mie Roumaine, dirigeant g\u00e9n\u00e9ral et recherche en entomologie appliqu\u00e9e. Il rappelle le r\u00f4le des stations entomologiques depuis 1928 et l&rsquo;importance d&rsquo;\u00e9tudier l&rsquo;entomologie dans l&rsquo;agriculture roumaine en 1939. WilhelmKarl Knechtel s&rsquo;est taill\u00e9 une place de choix parmi les grands entomologistes roumains par sa vocation et son activit\u00e9 soutenue et m\u00e9ticuleuse. (Dr. Klaus Fabritius) L&rsquo;\u00e9v\u00e9nement s&rsquo;est d\u00e9roul\u00e9 en roumain. \u00c0 compter du 23 juillet 2021, l&rsquo;\u00e9v\u00e9nement sera disponible sur le site Web et la page Facebook de l&rsquo;\u00e9tablissement.<\/p>\n","protected":false},"excerpt":{"rendered":"<p>Lors des \u00e9v\u00e9nements d\u00e9di\u00e9s aux personnalit\u00e9s scientifiques de l&rsquo;Histoire des Allemands de souche en Roumanie, \u00e0 la Mairie de Bucarest et \u00e0 la Maison de la Culture \u00ab Friedrich Schiller \u00bb, \u00ab le jeudi 15 juillet 2021, la conf\u00e9rence-d\u00e9bat\u00ab Personnes exceptionnelles de l&rsquo;agriculture roumaine \u00bb science. Wilhelm Knechtel, horticulteur et entomologiste (1835-1924) et Karl Wilhelm [&hellip;]<\/p>\n","protected":false},"author":2,"featured_media":2806,"comment_status":"closed","ping_status":"open","sticky":false,"template":"","format":"standard","meta":{"_et_pb_use_builder":"","_et_pb_old_content":"","_et_gb_content_width":""},"categories":[131],"tags":[],"_links":{"self":[{"href":"https:\/\/stindard.ro\/fr\/wp-json\/wp\/v2\/posts\/2805"}],"collection":[{"href":"https:\/\/stindard.ro\/fr\/wp-json\/wp\/v2\/posts"}],"about":[{"href":"https:\/\/stindard.ro\/fr\/wp-json\/wp\/v2\/types\/post"}],"author":[{"embeddable":true,"href":"https:\/\/stindard.ro\/fr\/wp-json\/wp\/v2\/users\/2"}],"replies":[{"embeddable":true,"href":"https:\/\/stindard.ro\/fr\/wp-json\/wp\/v2\/comments?post=2805"}],"version-history":[{"count":8,"href":"https:\/\/stindard.ro\/fr\/wp-json\/wp\/v2\/posts\/2805\/revisions"}],"predecessor-version":[{"id":2929,"href":"https:\/\/stindard.ro\/fr\/wp-json\/wp\/v2\/posts\/2805\/revisions\/2929"}],"wp:featuredmedia":[{"embeddable":true,"href":"https:\/\/stindard.ro\/fr\/wp-json\/wp\/v2\/media\/2806"}],"wp:attachment":[{"href":"https:\/\/stindard.ro\/fr\/wp-json\/wp\/v2\/media?parent=2805"}],"wp:term":[{"taxonomy":"category","embeddable":true,"href":"https:\/\/stindard.ro\/fr\/wp-json\/wp\/v2\/categories?post=2805"},{"taxonomy":"post_tag","embeddable":true,"href":"https:\/\/stindard.ro\/fr\/wp-json\/wp\/v2\/tags?post=2805"}],"curies":[{"name":"wp","href":"https:\/\/api.w.org\/{rel}","templated":true}]}}