{"id":3114,"date":"2022-05-11T21:17:25","date_gmt":"2022-05-11T18:17:25","guid":{"rendered":"https:\/\/stindard.ro\/ro\/?p=3114"},"modified":"2022-05-11T21:17:48","modified_gmt":"2022-05-11T18:17:48","slug":"145-de-ani-de-independenta","status":"publish","type":"post","link":"https:\/\/stindard.ro\/ro\/145-de-ani-de-independenta\/","title":{"rendered":"145 DE ANI DE INDEPENDEN\u021a\u0102"},"content":{"rendered":"<p>O delega\u0163ie a Asocia\u0163iei \u2019\u2019Stindard\u201d a vizitat, mar\u0163i, 10 mai, c\u00e2teva locuri memoriale semnificative pentru istoria rom\u00e2neasc\u0103 situate \u00een \u0163ara vecin\u0103, Bulgaria.<br \/>\nOrganizat cu ocazia \u00eemplinirii a 145 de ani de la proclamarea Independen\u021bei de Stat, \u00een 1877, periplul comemorativ a cuprins Casa-muzeu \u2019Regele Carol I\u201d de la Poradim, Capela-mausoleu a eroilor rom\u00e2ni de la Grivi\u0163a, precum \u015fi Paraclisul-mausoleu \u201dSf. Gheorghe-Biruitorul\u201d din centrul ora\u0219ului Plevna.<\/p>\n<p>\u00cen amintirea lupt\u0103torilor rom\u00e2ni care \u015fi-au dat via\u0163a pe c\u00e2mpul de b\u0103taie pentru Independen\u0163a Rom\u00e2niei, grupul format din membri \u015fi simpatizan\u0163i din Bucure\u015fti \u015fi Alexandria ai organiza\u0163iei non-guvernamentale conduse de col.r. dr. Cristian Scarlat a depus frumoase coroane de flori, ale c\u0103ror panglici au purtat \u00eenscrisul: \u201dGLORIE EROILOR ROM\u00c2NIEI\u201d.<\/p>\n<p><img loading=\"lazy\" class=\"aligncenter size-large wp-image-3115\" src=\"https:\/\/stindard.ro\/wp-content\/uploads\/2022\/05\/PLEVNA-100522s-638x1024.jpg\" alt=\"\" width=\"638\" height=\"1024\" \/><\/p>\n<p>La Plevna, printr-o fericit\u0103 \u00eent\u00e2mplare, coroana asocia\u021biei Stindard a fost depus\u0103 \u00een cadrul unei ceremonii militare deosebite, la care a participat \u0219eful Statului Major al Ap\u0103r\u0103rii, dl general Daniel Petrescu, aflat \u00een vizit\u0103 oficial\u0103 \u00een Bulgaria.<\/p>\n<p><img loading=\"lazy\" class=\"aligncenter wp-image-3117 size-large\" src=\"https:\/\/stindard.ro\/wp-content\/uploads\/2022\/05\/GRIVITA_100522-737x1024.jpg\" alt=\"\" width=\"737\" height=\"1024\" \/><\/p>\n<p>Asocia\u0163ia \u2019\u2019Stindard\u201d, de la a c\u0103rei \u00eenfiin\u0163are se \u00eemplinesc \u00een toamn\u0103 20 de ani, a planificat \u015fi pentru 2022 proiecte cultural- istorice care s\u0103 promoveze identitatea \u015fi simbolurile na\u0163ionale rom\u00e2ne\u015fti.<\/p>\n<p>A S O C I A T I A\u00a0\u00a0 S T I N D A R D<br \/>\nE-mail: presedinte@ stindard.ro;<\/p>\n<p>www.stindard.ro<\/p>\n","protected":false},"excerpt":{"rendered":"<p>O delega\u0163ie a Asocia\u0163iei \u2019\u2019Stindard\u201d a vizitat, mar\u0163i, 10 mai, c\u00e2teva locuri memoriale semnificative pentru istoria rom\u00e2neasc\u0103 situate \u00een \u0163ara vecin\u0103, Bulgaria. Organizat cu ocazia \u00eemplinirii a 145 de ani de la proclamarea Independen\u021bei de Stat, \u00een 1877, periplul comemorativ a cuprins Casa-muzeu \u2019Regele Carol I\u201d de la Poradim, Capela-mausoleu a eroilor rom\u00e2ni de la [&hellip;]<\/p>\n","protected":false},"author":1,"featured_media":3116,"comment_status":"closed","ping_status":"open","sticky":false,"template":"","format":"standard","meta":{"_et_pb_use_builder":"","_et_pb_old_content":"","_et_gb_content_width":""},"categories":[3],"tags":[],"_links":{"self":[{"href":"https:\/\/stindard.ro\/ro\/wp-json\/wp\/v2\/posts\/3114"}],"collection":[{"href":"https:\/\/stindard.ro\/ro\/wp-json\/wp\/v2\/posts"}],"about":[{"href":"https:\/\/stindard.ro\/ro\/wp-json\/wp\/v2\/types\/post"}],"author":[{"embeddable":true,"href":"https:\/\/stindard.ro\/ro\/wp-json\/wp\/v2\/users\/1"}],"replies":[{"embeddable":true,"href":"https:\/\/stindard.ro\/ro\/wp-json\/wp\/v2\/comments?post=3114"}],"version-history":[{"count":2,"href":"https:\/\/stindard.ro\/ro\/wp-json\/wp\/v2\/posts\/3114\/revisions"}],"predecessor-version":[{"id":3119,"href":"https:\/\/stindard.ro\/ro\/wp-json\/wp\/v2\/posts\/3114\/revisions\/3119"}],"wp:featuredmedia":[{"embeddable":true,"href":"https:\/\/stindard.ro\/ro\/wp-json\/wp\/v2\/media\/3116"}],"wp:attachment":[{"href":"https:\/\/stindard.ro\/ro\/wp-json\/wp\/v2\/media?parent=3114"}],"wp:term":[{"taxonomy":"category","embeddable":true,"href":"https:\/\/stindard.ro\/ro\/wp-json\/wp\/v2\/categories?post=3114"},{"taxonomy":"post_tag","embeddable":true,"href":"https:\/\/stindard.ro\/ro\/wp-json\/wp\/v2\/tags?post=3114"}],"curies":[{"name":"wp","href":"https:\/\/api.w.org\/{rel}","templated":true}]}}